{"id":8747,"date":"2020-02-06T14:51:06","date_gmt":"2020-02-06T13:51:06","guid":{"rendered":"https:\/\/woodrepublic.pl\/?p=8747"},"modified":"2020-10-19T15:09:43","modified_gmt":"2020-10-19T13:09:43","slug":"targowe-historie-czyli-o-tym-jak-wood-republic-wyruszylo-na-podboj-paryza","status":"publish","type":"post","link":"https:\/\/woodrepublic.eu\/pl\/targowe-historie-czyli-o-tym-jak-wood-republic-wyruszylo-na-podboj-paryza\/","title":{"rendered":"Targowe historie, czyli o tym jak Wood Republic wyruszy\u0142o na podb\u00f3j Pary\u017ca"},"content":{"rendered":"\n<p>Nowy Rok dla Wood Republic zacz\u0105\u0142 si\u0119 z przytupem. Ju\u017c od jakiego\u015b czasu planowali\u015bmy zmiany, kt\u00f3re wraz z rozwojem firmy i niebywa\u0142ym apetytem na \u015bwiat zacz\u0119\u0142y si\u0119 od od\u015bwie\u017cenia naszego logotypu. Stycze\u0144 min\u0105\u0142 nam pod znakiem gor\u0105czki targowej, zwiastuj\u0105cej moc wydarze\u0144, jakie mia\u0142y miejsca w drugiej po\u0142owie miesi\u0105ca. Intensywne prace nad katalogiem i nowymi sesjami fotograficznymi zaowocowa\u0142y eksplozj\u0105 pomys\u0142\u00f3w w naszych g\u0142owach. Wraz z Joann\u0105 mia\u0142y\u015bmy spory orzech do zgryzienia: szuka\u0142y\u015bmy z\u0142otego \u015brodka mi\u0119dzy bliskimi nam aran\u017cacjami wykorzystuj\u0105cymi surowy charakter naszej pracowni i element\u00f3w dekoracyjnych, a odpowiednio przystaj\u0105cym do naszej wypieszczonej linii nowo\u015bci meblowych antura\u017cem. Chyba si\u0119 uda\u0142o, bo ostatnie zdj\u0119cia spotka\u0142y si\u0119 ze szczeg\u00f3lnym Waszym uznaniem.<\/p>\n<p><img decoding=\"async\" loading=\"lazy\" class=\"alignnone size-full wp-image-8762\" src=\"https:\/\/woodrepublic.pl\/wp-content\/uploads\/2020\/02\/bliss-.jpg\" alt=\"\" width=\"1300\" height=\"1480\" srcset=\"https:\/\/woodrepublic.eu\/wp-content\/uploads\/2020\/02\/bliss-.jpg 1300w, https:\/\/woodrepublic.eu\/wp-content\/uploads\/2020\/02\/bliss--527x600.jpg 527w, https:\/\/woodrepublic.eu\/wp-content\/uploads\/2020\/02\/bliss--1054x1200.jpg 1054w, https:\/\/woodrepublic.eu\/wp-content\/uploads\/2020\/02\/bliss--110x125.jpg 110w, https:\/\/woodrepublic.eu\/wp-content\/uploads\/2020\/02\/bliss--768x874.jpg 768w, https:\/\/woodrepublic.eu\/wp-content\/uploads\/2020\/02\/bliss--500x569.jpg 500w, https:\/\/woodrepublic.eu\/wp-content\/uploads\/2020\/02\/bliss--700x797.jpg 700w\" sizes=\"(max-width: 1300px) 100vw, 1300px\" \/><\/p>\n<p><img decoding=\"async\" loading=\"lazy\" class=\"alignnone size-full wp-image-8763\" src=\"https:\/\/woodrepublic.pl\/wp-content\/uploads\/2020\/02\/zola.jpg\" alt=\"\" width=\"1400\" height=\"1122\" srcset=\"https:\/\/woodrepublic.eu\/wp-content\/uploads\/2020\/02\/zola.jpg 1400w, https:\/\/woodrepublic.eu\/wp-content\/uploads\/2020\/02\/zola-600x481.jpg 600w, https:\/\/woodrepublic.eu\/wp-content\/uploads\/2020\/02\/zola-1200x962.jpg 1200w, https:\/\/woodrepublic.eu\/wp-content\/uploads\/2020\/02\/zola-125x100.jpg 125w, https:\/\/woodrepublic.eu\/wp-content\/uploads\/2020\/02\/zola-768x615.jpg 768w, https:\/\/woodrepublic.eu\/wp-content\/uploads\/2020\/02\/zola-500x401.jpg 500w, https:\/\/woodrepublic.eu\/wp-content\/uploads\/2020\/02\/zola-700x561.jpg 700w\" sizes=\"(max-width: 1400px) 100vw, 1400px\" \/><\/p>\n<p>16 stycznia ekipa Wood Republic ruszy\u0142a na podb\u00f3j Pary\u017ca. \u00a0Na sw\u00f3j cel wybra\u0142a sobie niezwyk\u0142e wydarzenie w \u015bwiecie designu jakim s\u0105 targi MAISON &amp; OBJET. \u00a0Ten &#8220;festiwal&#8221; najlepszego \u015bwiatowego wzornictwa to ponad kilka tysi\u0119cy marek i osiem hal wystawowych, gdzie mo\u017cna pozna\u0107 nie tylko najnowsze trendy \u015bwiata, ale przede wszystkim spotka\u0107 wszystkie najbardziej presti\u017cowe marki wn\u0119trzarskie.<\/p>\n<p><img decoding=\"async\" loading=\"lazy\" class=\"alignnone size-full wp-image-8771\" src=\"https:\/\/woodrepublic.pl\/wp-content\/uploads\/2020\/02\/mo1.jpg\" alt=\"\" width=\"960\" height=\"640\" srcset=\"https:\/\/woodrepublic.eu\/wp-content\/uploads\/2020\/02\/mo1.jpg 960w, https:\/\/woodrepublic.eu\/wp-content\/uploads\/2020\/02\/mo1-600x400.jpg 600w, https:\/\/woodrepublic.eu\/wp-content\/uploads\/2020\/02\/mo1-125x83.jpg 125w, https:\/\/woodrepublic.eu\/wp-content\/uploads\/2020\/02\/mo1-768x512.jpg 768w, https:\/\/woodrepublic.eu\/wp-content\/uploads\/2020\/02\/mo1-500x333.jpg 500w, https:\/\/woodrepublic.eu\/wp-content\/uploads\/2020\/02\/mo1-700x467.jpg 700w\" sizes=\"(max-width: 960px) 100vw, 960px\" \/>\u00a9 Anne-Emmanuelle Thion<\/p>\n<p>Bardzo zale\u017ca\u0142o nam, by prezentuj\u0105c nasz\u0105 mark\u0119 zorganizowa\u0107 stoisko, kt\u00f3re b\u0119dzie odzwierciedla\u0142o wsp\u00f3lny mianownik wszystkich naszych projekt\u00f3w, czyli sklejk\u0119. Stworzyli\u015bmy domow\u0105 przestrze\u0144, b\u0119d\u0105c\u0105 polem wielu wspania\u0142ych rozm\u00f3w i znajomo\u015bci.<\/p>\n<p><img decoding=\"async\" loading=\"lazy\" class=\"alignnone size-full wp-image-8764\" src=\"https:\/\/woodrepublic.pl\/wp-content\/uploads\/2020\/02\/IMG_7264-scaled.jpg\" alt=\"\" width=\"1920\" height=\"2560\" srcset=\"https:\/\/woodrepublic.eu\/wp-content\/uploads\/2020\/02\/IMG_7264-scaled.jpg 1920w, https:\/\/woodrepublic.eu\/wp-content\/uploads\/2020\/02\/IMG_7264-450x600.jpg 450w, https:\/\/woodrepublic.eu\/wp-content\/uploads\/2020\/02\/IMG_7264-900x1200.jpg 900w, https:\/\/woodrepublic.eu\/wp-content\/uploads\/2020\/02\/IMG_7264-94x125.jpg 94w, https:\/\/woodrepublic.eu\/wp-content\/uploads\/2020\/02\/IMG_7264-768x1024.jpg 768w, https:\/\/woodrepublic.eu\/wp-content\/uploads\/2020\/02\/IMG_7264-1152x1536.jpg 1152w, https:\/\/woodrepublic.eu\/wp-content\/uploads\/2020\/02\/IMG_7264-1536x2048.jpg 1536w, https:\/\/woodrepublic.eu\/wp-content\/uploads\/2020\/02\/IMG_7264-500x667.jpg 500w, https:\/\/woodrepublic.eu\/wp-content\/uploads\/2020\/02\/IMG_7264-700x933.jpg 700w\" sizes=\"(max-width: 1920px) 100vw, 1920px\" \/><\/p>\n<p><img decoding=\"async\" loading=\"lazy\" class=\"alignnone size-full wp-image-8767\" src=\"https:\/\/woodrepublic.pl\/wp-content\/uploads\/2020\/02\/IMG_7284-scaled.jpg\" alt=\"\" width=\"1990\" height=\"2560\" srcset=\"https:\/\/woodrepublic.eu\/wp-content\/uploads\/2020\/02\/IMG_7284-scaled.jpg 1990w, https:\/\/woodrepublic.eu\/wp-content\/uploads\/2020\/02\/IMG_7284-466x600.jpg 466w, https:\/\/woodrepublic.eu\/wp-content\/uploads\/2020\/02\/IMG_7284-933x1200.jpg 933w, https:\/\/woodrepublic.eu\/wp-content\/uploads\/2020\/02\/IMG_7284-97x125.jpg 97w, https:\/\/woodrepublic.eu\/wp-content\/uploads\/2020\/02\/IMG_7284-768x988.jpg 768w, https:\/\/woodrepublic.eu\/wp-content\/uploads\/2020\/02\/IMG_7284-1194x1536.jpg 1194w, https:\/\/woodrepublic.eu\/wp-content\/uploads\/2020\/02\/IMG_7284-1592x2048.jpg 1592w, https:\/\/woodrepublic.eu\/wp-content\/uploads\/2020\/02\/IMG_7284-500x643.jpg 500w, https:\/\/woodrepublic.eu\/wp-content\/uploads\/2020\/02\/IMG_7284-700x900.jpg 700w\" sizes=\"(max-width: 1990px) 100vw, 1990px\" \/><\/p>\n<p><img decoding=\"async\" loading=\"lazy\" class=\"alignnone size-full wp-image-8765\" src=\"https:\/\/woodrepublic.pl\/wp-content\/uploads\/2020\/02\/IMG_7265-scaled.jpg\" alt=\"\" width=\"1868\" height=\"2560\" srcset=\"https:\/\/woodrepublic.eu\/wp-content\/uploads\/2020\/02\/IMG_7265-scaled.jpg 1868w, https:\/\/woodrepublic.eu\/wp-content\/uploads\/2020\/02\/IMG_7265-438x600.jpg 438w, https:\/\/woodrepublic.eu\/wp-content\/uploads\/2020\/02\/IMG_7265-876x1200.jpg 876w, https:\/\/woodrepublic.eu\/wp-content\/uploads\/2020\/02\/IMG_7265-91x125.jpg 91w, https:\/\/woodrepublic.eu\/wp-content\/uploads\/2020\/02\/IMG_7265-768x1053.jpg 768w, https:\/\/woodrepublic.eu\/wp-content\/uploads\/2020\/02\/IMG_7265-1121x1536.jpg 1121w, https:\/\/woodrepublic.eu\/wp-content\/uploads\/2020\/02\/IMG_7265-1494x2048.jpg 1494w, https:\/\/woodrepublic.eu\/wp-content\/uploads\/2020\/02\/IMG_7265-500x685.jpg 500w, https:\/\/woodrepublic.eu\/wp-content\/uploads\/2020\/02\/IMG_7265-700x959.jpg 700w\" sizes=\"(max-width: 1868px) 100vw, 1868px\" \/><\/p>\n<p>Najnowsze trendy wci\u0105\u017c koncentruj\u0105 si\u0119 wok\u00f3\u0142 \u015brodowiska naturalnego, co wida\u0107 by\u0142o nie tylko w propozycjach aran\u017cacji wn\u0119trz, ale r\u00f3wnie\u017c w wystawach towarzysz\u0105cych samym targom. Du\u017co rattanowych plecionek, naturalnego kamienia po\u0142\u0105czonego z drewnem, mi\u0119kkie i surowe materia\u0142y to wci\u0105\u017c top motywy w wielu kolekcjach, niekoniecznie poci\u0105gaj\u0105ce za sob\u0105 \u017cadnych rewolucji w designie, lecz raczej umacnianie tego, co pojawia si\u0119 we wzornictwie ju\u017c od kilku lat.<\/p>\n<p><img decoding=\"async\" loading=\"lazy\" class=\"alignnone size-full wp-image-8772\" src=\"https:\/\/woodrepublic.pl\/wp-content\/uploads\/2020\/02\/mo2.jpg\" alt=\"\" width=\"960\" height=\"540\" srcset=\"https:\/\/woodrepublic.eu\/wp-content\/uploads\/2020\/02\/mo2.jpg 960w, https:\/\/woodrepublic.eu\/wp-content\/uploads\/2020\/02\/mo2-600x338.jpg 600w, https:\/\/woodrepublic.eu\/wp-content\/uploads\/2020\/02\/mo2-125x70.jpg 125w, https:\/\/woodrepublic.eu\/wp-content\/uploads\/2020\/02\/mo2-768x432.jpg 768w, https:\/\/woodrepublic.eu\/wp-content\/uploads\/2020\/02\/mo2-500x281.jpg 500w, https:\/\/woodrepublic.eu\/wp-content\/uploads\/2020\/02\/mo2-700x394.jpg 700w\" sizes=\"(max-width: 960px) 100vw, 960px\" \/>\u00a9 Anne-Emmanuelle Thion<\/p>\n<p><img decoding=\"async\" loading=\"lazy\" class=\"alignnone size-full wp-image-8773\" src=\"https:\/\/woodrepublic.pl\/wp-content\/uploads\/2020\/02\/mo3.jpg\" alt=\"\" width=\"959\" height=\"640\" srcset=\"https:\/\/woodrepublic.eu\/wp-content\/uploads\/2020\/02\/mo3.jpg 959w, https:\/\/woodrepublic.eu\/wp-content\/uploads\/2020\/02\/mo3-600x400.jpg 600w, https:\/\/woodrepublic.eu\/wp-content\/uploads\/2020\/02\/mo3-125x83.jpg 125w, https:\/\/woodrepublic.eu\/wp-content\/uploads\/2020\/02\/mo3-768x513.jpg 768w, https:\/\/woodrepublic.eu\/wp-content\/uploads\/2020\/02\/mo3-500x334.jpg 500w, https:\/\/woodrepublic.eu\/wp-content\/uploads\/2020\/02\/mo3-700x467.jpg 700w\" sizes=\"(max-width: 959px) 100vw, 959px\" \/>\u00a9 Anne-Emmanuelle Thion<\/p>\n<p><img decoding=\"async\" loading=\"lazy\" class=\"alignnone size-full wp-image-8774\" src=\"https:\/\/woodrepublic.pl\/wp-content\/uploads\/2020\/02\/mo4.jpg\" alt=\"\" width=\"959\" height=\"640\" srcset=\"https:\/\/woodrepublic.eu\/wp-content\/uploads\/2020\/02\/mo4.jpg 959w, https:\/\/woodrepublic.eu\/wp-content\/uploads\/2020\/02\/mo4-600x400.jpg 600w, https:\/\/woodrepublic.eu\/wp-content\/uploads\/2020\/02\/mo4-125x83.jpg 125w, https:\/\/woodrepublic.eu\/wp-content\/uploads\/2020\/02\/mo4-768x513.jpg 768w, https:\/\/woodrepublic.eu\/wp-content\/uploads\/2020\/02\/mo4-500x334.jpg 500w, https:\/\/woodrepublic.eu\/wp-content\/uploads\/2020\/02\/mo4-700x467.jpg 700w\" sizes=\"(max-width: 959px) 100vw, 959px\" \/>\u00a9 Anne-Emmanuelle Thion<\/p>\n<p>Nasze pierwsze wra\u017cenia targowe s\u0105 \u015bwietne &#8211; tak tak, to pierwsze nasze targi, w jakich uczestniczyli\u015bmy, wow! Ale rozkr\u0119camy si\u0119 dopiero i mamy wielkie plany na ten rok i na nast\u0119pne. Na zdrowie!<\/p>\n<p><img decoding=\"async\" loading=\"lazy\" class=\"alignnone size-full wp-image-8769\" src=\"https:\/\/woodrepublic.pl\/wp-content\/uploads\/2020\/02\/IMG_7300.jpg\" alt=\"\" width=\"2048\" height=\"1538\" srcset=\"https:\/\/woodrepublic.eu\/wp-content\/uploads\/2020\/02\/IMG_7300.jpg 2048w, https:\/\/woodrepublic.eu\/wp-content\/uploads\/2020\/02\/IMG_7300-600x451.jpg 600w, https:\/\/woodrepublic.eu\/wp-content\/uploads\/2020\/02\/IMG_7300-1200x901.jpg 1200w, https:\/\/woodrepublic.eu\/wp-content\/uploads\/2020\/02\/IMG_7300-125x94.jpg 125w, https:\/\/woodrepublic.eu\/wp-content\/uploads\/2020\/02\/IMG_7300-768x577.jpg 768w, https:\/\/woodrepublic.eu\/wp-content\/uploads\/2020\/02\/IMG_7300-1536x1154.jpg 1536w, https:\/\/woodrepublic.eu\/wp-content\/uploads\/2020\/02\/IMG_7300-500x375.jpg 500w, https:\/\/woodrepublic.eu\/wp-content\/uploads\/2020\/02\/IMG_7300-700x526.jpg 700w\" sizes=\"(max-width: 2048px) 100vw, 2048px\" \/><\/p>\n<p><img decoding=\"async\" loading=\"lazy\" class=\"alignnone size-full wp-image-8770\" src=\"https:\/\/woodrepublic.pl\/wp-content\/uploads\/2020\/02\/IMG_7348-scaled.jpg\" alt=\"\" width=\"1920\" height=\"2560\" srcset=\"https:\/\/woodrepublic.eu\/wp-content\/uploads\/2020\/02\/IMG_7348-scaled.jpg 1920w, https:\/\/woodrepublic.eu\/wp-content\/uploads\/2020\/02\/IMG_7348-450x600.jpg 450w, https:\/\/woodrepublic.eu\/wp-content\/uploads\/2020\/02\/IMG_7348-900x1200.jpg 900w, https:\/\/woodrepublic.eu\/wp-content\/uploads\/2020\/02\/IMG_7348-94x125.jpg 94w, https:\/\/woodrepublic.eu\/wp-content\/uploads\/2020\/02\/IMG_7348-768x1024.jpg 768w, https:\/\/woodrepublic.eu\/wp-content\/uploads\/2020\/02\/IMG_7348-1152x1536.jpg 1152w, https:\/\/woodrepublic.eu\/wp-content\/uploads\/2020\/02\/IMG_7348-1536x2048.jpg 1536w, https:\/\/woodrepublic.eu\/wp-content\/uploads\/2020\/02\/IMG_7348-500x667.jpg 500w, https:\/\/woodrepublic.eu\/wp-content\/uploads\/2020\/02\/IMG_7348-700x933.jpg 700w\" sizes=\"(max-width: 1920px) 100vw, 1920px\" \/><\/p>\n","protected":false},"excerpt":{"rendered":"<p>Nowy Rok dla Wood Republic zacz\u0105\u0142 si\u0119 z przytupem. Ju\u017c od jakiego\u015b czasu planowali\u015bmy zmiany, kt\u00f3re wraz z rozwojem firmy i niebywa\u0142ym apetytem na \u015bwiat zacz\u0119\u0142y si\u0119 od od\u015bwie\u017cenia naszego logotypu. Stycze\u0144 min\u0105\u0142 nam pod znakiem gor\u0105czki targowej, zwiastuj\u0105cej moc wydarze\u0144, jakie mia\u0142y miejsca w drugiej po\u0142owie miesi\u0105ca. Intensywne prace nad katalogiem i nowymi sesjami [&hellip;]<\/p>\n","protected":false},"author":10,"featured_media":8766,"comment_status":"open","ping_status":"open","sticky":false,"template":"","format":"standard","meta":{"inline_featured_image":false},"categories":[64],"tags":[],"acf":[],"yoast_head":"<!-- This site is optimized with the Yoast SEO plugin v20.10 - https:\/\/yoast.com\/wordpress\/plugins\/seo\/ -->\n<title>Targowe historie, czyli o tym jak Wood Republic wyruszy\u0142o na podb\u00f3j Pary\u017ca - Wood Republic<\/title>\n<meta name=\"robots\" content=\"index, follow, max-snippet:-1, max-image-preview:large, max-video-preview:-1\" \/>\n<link rel=\"canonical\" href=\"https:\/\/woodrepublic.eu\/pl\/targowe-historie-czyli-o-tym-jak-wood-republic-wyruszylo-na-podboj-paryza\/\" \/>\n<meta property=\"og:locale\" content=\"pl_PL\" \/>\n<meta property=\"og:type\" content=\"article\" \/>\n<meta property=\"og:title\" content=\"Targowe historie, czyli o tym jak Wood Republic wyruszy\u0142o na podb\u00f3j Pary\u017ca - Wood Republic\" \/>\n<meta property=\"og:description\" content=\"Nowy Rok dla Wood Republic zacz\u0105\u0142 si\u0119 z przytupem. Ju\u017c od jakiego\u015b czasu planowali\u015bmy zmiany, kt\u00f3re wraz z rozwojem firmy i niebywa\u0142ym apetytem na \u015bwiat zacz\u0119\u0142y si\u0119 od od\u015bwie\u017cenia naszego logotypu. Stycze\u0144 min\u0105\u0142 nam pod znakiem gor\u0105czki targowej, zwiastuj\u0105cej moc wydarze\u0144, jakie mia\u0142y miejsca w drugiej po\u0142owie miesi\u0105ca. Intensywne prace nad katalogiem i nowymi sesjami [&hellip;]\" \/>\n<meta property=\"og:url\" content=\"https:\/\/woodrepublic.eu\/pl\/targowe-historie-czyli-o-tym-jak-wood-republic-wyruszylo-na-podboj-paryza\/\" \/>\n<meta property=\"og:site_name\" content=\"Wood Republic\" \/>\n<meta property=\"article:published_time\" content=\"2020-02-06T13:51:06+00:00\" \/>\n<meta property=\"article:modified_time\" content=\"2020-10-19T13:09:43+00:00\" \/>\n<meta property=\"og:image\" content=\"https:\/\/woodrepublic.eu\/wp-content\/uploads\/2020\/02\/IMG_7278-scaled.jpg\" \/>\n\t<meta property=\"og:image:width\" content=\"2272\" \/>\n\t<meta property=\"og:image:height\" content=\"2560\" \/>\n\t<meta property=\"og:image:type\" content=\"image\/jpeg\" \/>\n<meta name=\"author\" content=\"Kamila\" \/>\n<meta name=\"twitter:card\" content=\"summary_large_image\" \/>\n<meta name=\"twitter:label1\" content=\"Napisane przez\" \/>\n\t<meta name=\"twitter:data1\" content=\"Kamila\" \/>\n\t<meta name=\"twitter:label2\" content=\"Szacowany czas czytania\" \/>\n\t<meta name=\"twitter:data2\" content=\"2 minuty\" \/>\n<script type=\"application\/ld+json\" class=\"yoast-schema-graph\">{\"@context\":\"https:\/\/schema.org\",\"@graph\":[{\"@type\":\"Article\",\"@id\":\"https:\/\/woodrepublic.eu\/pl\/targowe-historie-czyli-o-tym-jak-wood-republic-wyruszylo-na-podboj-paryza\/#article\",\"isPartOf\":{\"@id\":\"https:\/\/woodrepublic.eu\/pl\/targowe-historie-czyli-o-tym-jak-wood-republic-wyruszylo-na-podboj-paryza\/\"},\"author\":{\"name\":\"Kamila\",\"@id\":\"https:\/\/woodrepublic.eu\/pl\/#\/schema\/person\/5b8f39b9d264e8c2ca3dd4aa81449198\"},\"headline\":\"Targowe historie, czyli o tym jak Wood Republic wyruszy\u0142o na podb\u00f3j Pary\u017ca\",\"datePublished\":\"2020-02-06T13:51:06+00:00\",\"dateModified\":\"2020-10-19T13:09:43+00:00\",\"mainEntityOfPage\":{\"@id\":\"https:\/\/woodrepublic.eu\/pl\/targowe-historie-czyli-o-tym-jak-wood-republic-wyruszylo-na-podboj-paryza\/\"},\"wordCount\":380,\"commentCount\":0,\"publisher\":{\"@id\":\"https:\/\/woodrepublic.eu\/pl\/#organization\"},\"articleSection\":[\"My\"],\"inLanguage\":\"pl-PL\",\"potentialAction\":[{\"@type\":\"CommentAction\",\"name\":\"Comment\",\"target\":[\"https:\/\/woodrepublic.eu\/pl\/targowe-historie-czyli-o-tym-jak-wood-republic-wyruszylo-na-podboj-paryza\/#respond\"]}]},{\"@type\":\"WebPage\",\"@id\":\"https:\/\/woodrepublic.eu\/pl\/targowe-historie-czyli-o-tym-jak-wood-republic-wyruszylo-na-podboj-paryza\/\",\"url\":\"https:\/\/woodrepublic.eu\/pl\/targowe-historie-czyli-o-tym-jak-wood-republic-wyruszylo-na-podboj-paryza\/\",\"name\":\"Targowe historie, czyli o tym jak Wood Republic wyruszy\u0142o na podb\u00f3j Pary\u017ca - Wood Republic\",\"isPartOf\":{\"@id\":\"https:\/\/woodrepublic.eu\/pl\/#website\"},\"datePublished\":\"2020-02-06T13:51:06+00:00\",\"dateModified\":\"2020-10-19T13:09:43+00:00\",\"breadcrumb\":{\"@id\":\"https:\/\/woodrepublic.eu\/pl\/targowe-historie-czyli-o-tym-jak-wood-republic-wyruszylo-na-podboj-paryza\/#breadcrumb\"},\"inLanguage\":\"pl-PL\",\"potentialAction\":[{\"@type\":\"ReadAction\",\"target\":[\"https:\/\/woodrepublic.eu\/pl\/targowe-historie-czyli-o-tym-jak-wood-republic-wyruszylo-na-podboj-paryza\/\"]}]},{\"@type\":\"BreadcrumbList\",\"@id\":\"https:\/\/woodrepublic.eu\/pl\/targowe-historie-czyli-o-tym-jak-wood-republic-wyruszylo-na-podboj-paryza\/#breadcrumb\",\"itemListElement\":[{\"@type\":\"ListItem\",\"position\":1,\"name\":\"Strona g\u0142\u00f3wna\",\"item\":\"https:\/\/woodrepublic.eu\/pl\/\"},{\"@type\":\"ListItem\",\"position\":2,\"name\":\"Targowe historie, czyli o tym jak Wood Republic wyruszy\u0142o na podb\u00f3j Pary\u017ca\"}]},{\"@type\":\"WebSite\",\"@id\":\"https:\/\/woodrepublic.eu\/pl\/#website\",\"url\":\"https:\/\/woodrepublic.eu\/pl\/\",\"name\":\"Wood Republic\",\"description\":\"R\u0119cznie tworzone, personalizowane meble ze sklejki.\",\"publisher\":{\"@id\":\"https:\/\/woodrepublic.eu\/pl\/#organization\"},\"potentialAction\":[{\"@type\":\"SearchAction\",\"target\":{\"@type\":\"EntryPoint\",\"urlTemplate\":\"https:\/\/woodrepublic.eu\/pl\/?s={search_term_string}\"},\"query-input\":\"required name=search_term_string\"}],\"inLanguage\":\"pl-PL\"},{\"@type\":\"Organization\",\"@id\":\"https:\/\/woodrepublic.eu\/pl\/#organization\",\"name\":\"Wood Republic\",\"url\":\"https:\/\/woodrepublic.eu\/pl\/\",\"logo\":{\"@type\":\"ImageObject\",\"inLanguage\":\"pl-PL\",\"@id\":\"https:\/\/woodrepublic.eu\/pl\/#\/schema\/logo\/image\/\",\"url\":\"https:\/\/woodrepublic.eu\/wp-content\/uploads\/2023\/03\/cropped-Logo_Mont_Horizontal@3x.png\",\"contentUrl\":\"https:\/\/woodrepublic.eu\/wp-content\/uploads\/2023\/03\/cropped-Logo_Mont_Horizontal@3x.png\",\"width\":1053,\"height\":348,\"caption\":\"Wood Republic\"},\"image\":{\"@id\":\"https:\/\/woodrepublic.eu\/pl\/#\/schema\/logo\/image\/\"}},{\"@type\":\"Person\",\"@id\":\"https:\/\/woodrepublic.eu\/pl\/#\/schema\/person\/5b8f39b9d264e8c2ca3dd4aa81449198\",\"name\":\"Kamila\",\"image\":{\"@type\":\"ImageObject\",\"inLanguage\":\"pl-PL\",\"@id\":\"https:\/\/woodrepublic.eu\/pl\/#\/schema\/person\/image\/\",\"url\":\"https:\/\/secure.gravatar.com\/avatar\/5fe8e7ecd17463f4447df2eb34bc40d0?s=96&d=mm&r=g\",\"contentUrl\":\"https:\/\/secure.gravatar.com\/avatar\/5fe8e7ecd17463f4447df2eb34bc40d0?s=96&d=mm&r=g\",\"caption\":\"Kamila\"},\"sameAs\":[\"https:\/\/woodrepublic.pl\"],\"url\":\"https:\/\/woodrepublic.eu\/pl\/author\/kamila\/\"}]}<\/script>\n<!-- \/ Yoast SEO plugin. -->","yoast_head_json":{"title":"Targowe historie, czyli o tym jak Wood Republic wyruszy\u0142o na podb\u00f3j Pary\u017ca - Wood Republic","robots":{"index":"index","follow":"follow","max-snippet":"max-snippet:-1","max-image-preview":"max-image-preview:large","max-video-preview":"max-video-preview:-1"},"canonical":"https:\/\/woodrepublic.eu\/pl\/targowe-historie-czyli-o-tym-jak-wood-republic-wyruszylo-na-podboj-paryza\/","og_locale":"pl_PL","og_type":"article","og_title":"Targowe historie, czyli o tym jak Wood Republic wyruszy\u0142o na podb\u00f3j Pary\u017ca - Wood Republic","og_description":"Nowy Rok dla Wood Republic zacz\u0105\u0142 si\u0119 z przytupem. Ju\u017c od jakiego\u015b czasu planowali\u015bmy zmiany, kt\u00f3re wraz z rozwojem firmy i niebywa\u0142ym apetytem na \u015bwiat zacz\u0119\u0142y si\u0119 od od\u015bwie\u017cenia naszego logotypu. Stycze\u0144 min\u0105\u0142 nam pod znakiem gor\u0105czki targowej, zwiastuj\u0105cej moc wydarze\u0144, jakie mia\u0142y miejsca w drugiej po\u0142owie miesi\u0105ca. Intensywne prace nad katalogiem i nowymi sesjami [&hellip;]","og_url":"https:\/\/woodrepublic.eu\/pl\/targowe-historie-czyli-o-tym-jak-wood-republic-wyruszylo-na-podboj-paryza\/","og_site_name":"Wood Republic","article_published_time":"2020-02-06T13:51:06+00:00","article_modified_time":"2020-10-19T13:09:43+00:00","og_image":[{"width":2272,"height":2560,"url":"https:\/\/woodrepublic.eu\/wp-content\/uploads\/2020\/02\/IMG_7278-scaled.jpg","type":"image\/jpeg"}],"author":"Kamila","twitter_card":"summary_large_image","twitter_misc":{"Napisane przez":"Kamila","Szacowany czas czytania":"2 minuty"},"schema":{"@context":"https:\/\/schema.org","@graph":[{"@type":"Article","@id":"https:\/\/woodrepublic.eu\/pl\/targowe-historie-czyli-o-tym-jak-wood-republic-wyruszylo-na-podboj-paryza\/#article","isPartOf":{"@id":"https:\/\/woodrepublic.eu\/pl\/targowe-historie-czyli-o-tym-jak-wood-republic-wyruszylo-na-podboj-paryza\/"},"author":{"name":"Kamila","@id":"https:\/\/woodrepublic.eu\/pl\/#\/schema\/person\/5b8f39b9d264e8c2ca3dd4aa81449198"},"headline":"Targowe historie, czyli o tym jak Wood Republic wyruszy\u0142o na podb\u00f3j Pary\u017ca","datePublished":"2020-02-06T13:51:06+00:00","dateModified":"2020-10-19T13:09:43+00:00","mainEntityOfPage":{"@id":"https:\/\/woodrepublic.eu\/pl\/targowe-historie-czyli-o-tym-jak-wood-republic-wyruszylo-na-podboj-paryza\/"},"wordCount":380,"commentCount":0,"publisher":{"@id":"https:\/\/woodrepublic.eu\/pl\/#organization"},"articleSection":["My"],"inLanguage":"pl-PL","potentialAction":[{"@type":"CommentAction","name":"Comment","target":["https:\/\/woodrepublic.eu\/pl\/targowe-historie-czyli-o-tym-jak-wood-republic-wyruszylo-na-podboj-paryza\/#respond"]}]},{"@type":"WebPage","@id":"https:\/\/woodrepublic.eu\/pl\/targowe-historie-czyli-o-tym-jak-wood-republic-wyruszylo-na-podboj-paryza\/","url":"https:\/\/woodrepublic.eu\/pl\/targowe-historie-czyli-o-tym-jak-wood-republic-wyruszylo-na-podboj-paryza\/","name":"Targowe historie, czyli o tym jak Wood Republic wyruszy\u0142o na podb\u00f3j Pary\u017ca - Wood Republic","isPartOf":{"@id":"https:\/\/woodrepublic.eu\/pl\/#website"},"datePublished":"2020-02-06T13:51:06+00:00","dateModified":"2020-10-19T13:09:43+00:00","breadcrumb":{"@id":"https:\/\/woodrepublic.eu\/pl\/targowe-historie-czyli-o-tym-jak-wood-republic-wyruszylo-na-podboj-paryza\/#breadcrumb"},"inLanguage":"pl-PL","potentialAction":[{"@type":"ReadAction","target":["https:\/\/woodrepublic.eu\/pl\/targowe-historie-czyli-o-tym-jak-wood-republic-wyruszylo-na-podboj-paryza\/"]}]},{"@type":"BreadcrumbList","@id":"https:\/\/woodrepublic.eu\/pl\/targowe-historie-czyli-o-tym-jak-wood-republic-wyruszylo-na-podboj-paryza\/#breadcrumb","itemListElement":[{"@type":"ListItem","position":1,"name":"Strona g\u0142\u00f3wna","item":"https:\/\/woodrepublic.eu\/pl\/"},{"@type":"ListItem","position":2,"name":"Targowe historie, czyli o tym jak Wood Republic wyruszy\u0142o na podb\u00f3j Pary\u017ca"}]},{"@type":"WebSite","@id":"https:\/\/woodrepublic.eu\/pl\/#website","url":"https:\/\/woodrepublic.eu\/pl\/","name":"Wood Republic","description":"R\u0119cznie tworzone, personalizowane meble ze sklejki.","publisher":{"@id":"https:\/\/woodrepublic.eu\/pl\/#organization"},"potentialAction":[{"@type":"SearchAction","target":{"@type":"EntryPoint","urlTemplate":"https:\/\/woodrepublic.eu\/pl\/?s={search_term_string}"},"query-input":"required name=search_term_string"}],"inLanguage":"pl-PL"},{"@type":"Organization","@id":"https:\/\/woodrepublic.eu\/pl\/#organization","name":"Wood Republic","url":"https:\/\/woodrepublic.eu\/pl\/","logo":{"@type":"ImageObject","inLanguage":"pl-PL","@id":"https:\/\/woodrepublic.eu\/pl\/#\/schema\/logo\/image\/","url":"https:\/\/woodrepublic.eu\/wp-content\/uploads\/2023\/03\/cropped-Logo_Mont_Horizontal@3x.png","contentUrl":"https:\/\/woodrepublic.eu\/wp-content\/uploads\/2023\/03\/cropped-Logo_Mont_Horizontal@3x.png","width":1053,"height":348,"caption":"Wood Republic"},"image":{"@id":"https:\/\/woodrepublic.eu\/pl\/#\/schema\/logo\/image\/"}},{"@type":"Person","@id":"https:\/\/woodrepublic.eu\/pl\/#\/schema\/person\/5b8f39b9d264e8c2ca3dd4aa81449198","name":"Kamila","image":{"@type":"ImageObject","inLanguage":"pl-PL","@id":"https:\/\/woodrepublic.eu\/pl\/#\/schema\/person\/image\/","url":"https:\/\/secure.gravatar.com\/avatar\/5fe8e7ecd17463f4447df2eb34bc40d0?s=96&d=mm&r=g","contentUrl":"https:\/\/secure.gravatar.com\/avatar\/5fe8e7ecd17463f4447df2eb34bc40d0?s=96&d=mm&r=g","caption":"Kamila"},"sameAs":["https:\/\/woodrepublic.pl"],"url":"https:\/\/woodrepublic.eu\/pl\/author\/kamila\/"}]}},"_links":{"self":[{"href":"https:\/\/woodrepublic.eu\/pl\/wp-json\/wp\/v2\/posts\/8747"}],"collection":[{"href":"https:\/\/woodrepublic.eu\/pl\/wp-json\/wp\/v2\/posts"}],"about":[{"href":"https:\/\/woodrepublic.eu\/pl\/wp-json\/wp\/v2\/types\/post"}],"author":[{"embeddable":true,"href":"https:\/\/woodrepublic.eu\/pl\/wp-json\/wp\/v2\/users\/10"}],"replies":[{"embeddable":true,"href":"https:\/\/woodrepublic.eu\/pl\/wp-json\/wp\/v2\/comments?post=8747"}],"version-history":[{"count":0,"href":"https:\/\/woodrepublic.eu\/pl\/wp-json\/wp\/v2\/posts\/8747\/revisions"}],"wp:featuredmedia":[{"embeddable":true,"href":"https:\/\/woodrepublic.eu\/pl\/wp-json\/wp\/v2\/media\/8766"}],"wp:attachment":[{"href":"https:\/\/woodrepublic.eu\/pl\/wp-json\/wp\/v2\/media?parent=8747"}],"wp:term":[{"taxonomy":"category","embeddable":true,"href":"https:\/\/woodrepublic.eu\/pl\/wp-json\/wp\/v2\/categories?post=8747"},{"taxonomy":"post_tag","embeddable":true,"href":"https:\/\/woodrepublic.eu\/pl\/wp-json\/wp\/v2\/tags?post=8747"}],"curies":[{"name":"wp","href":"https:\/\/api.w.org\/{rel}","templated":true}]}}