{"id":3205,"date":"2018-08-23T10:55:14","date_gmt":"2018-08-23T08:55:14","guid":{"rendered":"https:\/\/woodrepublic.pl\/?p=3205"},"modified":"2022-02-11T14:05:22","modified_gmt":"2022-02-11T13:05:22","slug":"o-personalizacji-slow-kilka","status":"publish","type":"post","link":"https:\/\/woodrepublic.eu\/pl\/o-personalizacji-slow-kilka\/","title":{"rendered":"O personalizacji s\u0142\u00f3w kilka"},"content":{"rendered":"\n<p>Jeste\u015b?<br>Pomy\u015bl o meblu jak o <strong>dobrze zaprogramowanym pod u\u017cytkownika systemie<\/strong>. Pomy\u015bl, \u017ce Tw\u00f3j przysz\u0142y mebel to wypadkowa naszej technologii i designu oraz Twoich praktycznych i estetycznych potrzeb. Kusz\u0105ce?<br>Spokojnie, jeste\u015b w Wood Republic i tutaj nie ma ogranicze\u0144, programuj z nami do woli.<\/p>\n\n\n\n<p>Pokusimy si\u0119 o m\u0105dr\u0105 definicj\u0119 personalizacji, ekhm ekhm. <strong>Personalizacja (customizacja) mebla<\/strong> to takie przewarto\u015bciowanie i przepoczwarzenie gotowego projektu, by spe\u0142nia\u0142 wymagania danej przestrzeni i by wpisa\u0142 si\u0119 w okre\u015blone realia, przy jednoczesnym zachowaniu jego oryginalnej stylistyki.<br><strong>Dla nas gotowy projekt mebla nie jest ko\u0144cem jego historii, nie stawiamy tam kropki.<\/strong><\/p>\n\n\n\n<figure class=\"wp-block-image\"><img decoding=\"async\" loading=\"lazy\" width=\"1200\" height=\"600\" src=\"https:\/\/woodrepublic.pl\/wp\/wp-content\/uploads\/2017\/11\/szafka-Drupal.1-oryginalna-1-1200x600.png\" alt=\"Projekt szafki DRUPAL\" class=\"wp-image-3441\" srcset=\"https:\/\/woodrepublic.eu\/wp-content\/uploads\/2017\/11\/szafka-Drupal.1-oryginalna-1-1200x600.png 1200w, https:\/\/woodrepublic.eu\/wp-content\/uploads\/2017\/11\/szafka-Drupal.1-oryginalna-1-125x63.png 125w, https:\/\/woodrepublic.eu\/wp-content\/uploads\/2017\/11\/szafka-Drupal.1-oryginalna-1-600x300.png 600w, https:\/\/woodrepublic.eu\/wp-content\/uploads\/2017\/11\/szafka-Drupal.1-oryginalna-1-768x384.png 768w, https:\/\/woodrepublic.eu\/wp-content\/uploads\/2017\/11\/szafka-Drupal.1-oryginalna-1-500x250.png 500w, https:\/\/woodrepublic.eu\/wp-content\/uploads\/2017\/11\/szafka-Drupal.1-oryginalna-1-700x350.png 700w, https:\/\/woodrepublic.eu\/wp-content\/uploads\/2017\/11\/szafka-Drupal.1-oryginalna-1-200x100.png 200w, https:\/\/woodrepublic.eu\/wp-content\/uploads\/2017\/11\/szafka-Drupal.1-oryginalna-1-400x200.png 400w, https:\/\/woodrepublic.eu\/wp-content\/uploads\/2017\/11\/szafka-Drupal.1-oryginalna-1-800x400.png 800w, https:\/\/woodrepublic.eu\/wp-content\/uploads\/2017\/11\/szafka-Drupal.1-oryginalna-1.png 1600w\" sizes=\"(max-width: 1200px) 100vw, 1200px\" \/><\/figure>\n\n\n\n<p><strong>I. Dopasuj mebel<\/strong><br>Design to przede wszystkim funkcjonalno\u015b\u0107 czyli historia o tym, do czego mebel s\u0142u\u017cy i jak odpowiada na Twoje potrzeby. Mo\u017ce si\u0119 tak zdarzy\u0107, \u017ce spodoba Ci si\u0119 nasz mebel i b\u0119dziesz chcia\u0142 wpisa\u0107 go w swoj\u0105 prywatn\u0105 lub biznesow\u0105 przestrze\u0144, ale jego za ma\u0142y lub za du\u017cy zadek nie pozwoli Ci na to. Oto, co mo\u017cesz zrobi\u0107: westchn\u0105\u0107 i machn\u0105\u0107 r\u0119k\u0105, cho\u0107 takiej wersji wydarze\u0144 nie chcemy, lub te\u017c spersonalizowa\u0107 jego <strong>wymiar ca\u0142kowity b\u0105d\u017a wymiar konkretnych jego modu\u0142\u00f3w<\/strong>.<\/p>\n\n\n\n<p><strong>Jak si\u0119 za to zabra\u0107?<\/strong><br>1. Pomy\u015bl czy wymiar ca\u0142kowity&nbsp; mebla (<strong>wysoko\u015b\u0107, szeroko\u015b\u0107, g\u0142\u0119boko\u015b\u0107<\/strong>) jest dla Ciebie odpowiedni. Je\u015bli nie wystarczy Ci na niego przestrzeni, mo\u017cemy ca\u0142o\u015b\u0107 proporcjonalnie zmniejszy\u0107, zachowuj\u0105c form\u0119 mebla. Je\u015bli natomiast potrzebujesz wi\u0119kszego rozmachu, mo\u017cemy mebel powi\u0119kszy\u0107 &#8211; proporcjonalnie lub dodaj\u0105c nowy modu\u0142 w zale\u017cno\u015bci od finalnego wymiaru.<br>2. Zastan\u00f3w si\u0119 czy w oryginalnych modu\u0142ach&nbsp; mebla (otwartych p\u00f3\u0142kach, szafkach, szufladach) chcia\u0142by\u015b zmie\u015bci\u0107 co\u015b konkretnego. Je\u015bli tak jest, ale wybrany modu\u0142 mebla oka\u017ce si\u0119 wymiarowo nieodpowiedni, poimprowizujmy wsp\u00f3lnie. Powiedz nam jakiego wymiaru jest bibelot lub sprz\u0119t, a my przeprojektujemy mebel tak, by <strong>wszystko co potrzebne w nim pomie\u015bci\u0107<\/strong>. Za ka\u017cdym razem w miar\u0119 mo\u017cliwo\u015bci staramy si\u0119 zachowa\u0107 oryginaln\u0105 form\u0119 mebla.<\/p>\n\n\n\n<figure class=\"wp-block-image\"><img decoding=\"async\" loading=\"lazy\" width=\"974\" height=\"1200\" src=\"https:\/\/woodrepublic.pl\/wp\/wp-content\/uploads\/2017\/11\/personalizacja-3-974x1200.jpg\" alt=\"Personalizacja mebli od Wood Republic\" class=\"wp-image-3431\" srcset=\"https:\/\/woodrepublic.eu\/wp-content\/uploads\/2017\/11\/personalizacja-3-974x1200.jpg 974w, https:\/\/woodrepublic.eu\/wp-content\/uploads\/2017\/11\/personalizacja-3-101x125.jpg 101w, https:\/\/woodrepublic.eu\/wp-content\/uploads\/2017\/11\/personalizacja-3-487x600.jpg 487w, https:\/\/woodrepublic.eu\/wp-content\/uploads\/2017\/11\/personalizacja-3-768x947.jpg 768w, https:\/\/woodrepublic.eu\/wp-content\/uploads\/2017\/11\/personalizacja-3-500x616.jpg 500w, https:\/\/woodrepublic.eu\/wp-content\/uploads\/2017\/11\/personalizacja-3-700x863.jpg 700w, https:\/\/woodrepublic.eu\/wp-content\/uploads\/2017\/11\/personalizacja-3-200x247.jpg 200w, https:\/\/woodrepublic.eu\/wp-content\/uploads\/2017\/11\/personalizacja-3-400x493.jpg 400w, https:\/\/woodrepublic.eu\/wp-content\/uploads\/2017\/11\/personalizacja-3-600x740.jpg 600w, https:\/\/woodrepublic.eu\/wp-content\/uploads\/2017\/11\/personalizacja-3-800x986.jpg 800w, https:\/\/woodrepublic.eu\/wp-content\/uploads\/2017\/11\/personalizacja-3-1200x1479.jpg 1200w, https:\/\/woodrepublic.eu\/wp-content\/uploads\/2017\/11\/personalizacja-3.jpg 1600w\" sizes=\"(max-width: 974px) 100vw, 974px\" \/><\/figure>\n\n\n\n<p class=\"p1\"><strong>II. Uformuj mebel<\/strong><br>Czasami zdarza si\u0119, \u017ce bibelot\u00f3w do upchni\u0119cia w meblu jest tak du\u017co, \u017ce musimy ca\u0142kowicie zaszale\u0107 i <strong>przeprojektowa\u0107 mebel od st\u00f3p do g\u0142\u00f3w<\/strong>. M\u00f3wi\u0105c inaczej, czasami Twoje potrzeby s\u0105 tak mocno sprecyzowane, \u017ce daj\u0105 nam wi\u0119cej ogranicze\u0144. Nie s\u0105 to jednak ograniczenia, kt\u00f3re czyni\u0105 personalizacj\u0119 niemo\u017cliw\u0105. Co to, to nie! My lekce sobie wa\u017cymy ograniczenia, a mebel mo\u017cemy uformowa\u0107 wsp\u00f3lnie.<\/p>\n<p class=\"p1\"><strong>Jak si\u0119 za to zabra\u0107?<\/strong><br>1. Wybierz <strong>jeden z naszych projekt\u00f3w<\/strong>, kt\u00f3ry najbardziej odpowiada Ci form\u0105. Zawsze dobrze jest mie\u0107 jakie\u015b oparcie w rzeczywisto\u015bci i dobrze zna\u0107 Twoje wyobra\u017cenia estetyczne przed projektowaniem. Powiedz nam co najbardziej Ci si\u0119 w tym wybranym meblu podoba i co chcia\u0142by\u015b zachowa\u0107.<br>2. Napisz nam jakich <strong>modu\u0142\u00f3w<\/strong> Ci w meblu potrzeba i czemu maj\u0105 s\u0142u\u017cy\u0107. Potrzebowali\u015bcie od nas ju\u017c r\u00f3\u017cnych rozwi\u0105za\u0144, dla przyk\u0142adu by\u0142y to: otwarte p\u00f3\u0142ki na wysokie albumy i zamkni\u0119te szafki na segregatory w regale Apex, otwarte p\u00f3\u0142ki na obuwie i g\u00f3rne zamykane szafki w szafie Baba, przeszklone szafki na zastaw\u0119 i p\u0142ytkie szuflady na dokumenty w komodzie Bliss.1. Przyk\u0142ad\u00f3w mogliby\u015bmy wymienia\u0107 bez liku.<br>3. Dobierz sta\u0142y element mebla, jakim s\u0105 <strong>n\u00f3\u017cki<\/strong>, zgodnie ze swoj\u0105 estetyk\u0105.<br>N\u00f3\u017cki mog\u0105 by\u0107: 1 proste (rega\u0142y serii Apex), 2 stylizowane (komody serii Bliss), 3 wpuszczane (meblo\u015bcianka Raj) lub&nbsp;4 pochy\u0142e (szafki serii Drupal).<br><img decoding=\"async\" loading=\"lazy\" class=\"alignnone size-large wp-image-3447\" src=\"https:\/\/woodrepublic.pl\/wp-content\/uploads\/2017\/11\/personalizacja-5-1200x492.jpg\" alt=\"\" width=\"1200\" height=\"492\" srcset=\"https:\/\/woodrepublic.eu\/wp-content\/uploads\/2017\/11\/personalizacja-5-1200x492.jpg 1200w, https:\/\/woodrepublic.eu\/wp-content\/uploads\/2017\/11\/personalizacja-5-125x51.jpg 125w, https:\/\/woodrepublic.eu\/wp-content\/uploads\/2017\/11\/personalizacja-5-600x246.jpg 600w, https:\/\/woodrepublic.eu\/wp-content\/uploads\/2017\/11\/personalizacja-5-768x315.jpg 768w, https:\/\/woodrepublic.eu\/wp-content\/uploads\/2017\/11\/personalizacja-5-500x205.jpg 500w, https:\/\/woodrepublic.eu\/wp-content\/uploads\/2017\/11\/personalizacja-5-700x287.jpg 700w, https:\/\/woodrepublic.eu\/wp-content\/uploads\/2017\/11\/personalizacja-5-200x82.jpg 200w, https:\/\/woodrepublic.eu\/wp-content\/uploads\/2017\/11\/personalizacja-5-400x164.jpg 400w, https:\/\/woodrepublic.eu\/wp-content\/uploads\/2017\/11\/personalizacja-5-800x328.jpg 800w, https:\/\/woodrepublic.eu\/wp-content\/uploads\/2017\/11\/personalizacja-5.jpg 1600w\" sizes=\"(max-width: 1200px) 100vw, 1200px\" \/><br>To tylko inspiracje, mo\u017cliwo\u015bci s\u0105 nieograniczone, sam zobacz.<\/p>\n\n\n\n<div class=\"wp-block-image\"><figure class=\"aligncenter\"><img decoding=\"async\" loading=\"lazy\" width=\"750\" height=\"607\" src=\"https:\/\/woodrepublic.pl\/wp\/wp-content\/uploads\/2017\/11\/personalizacja-2.jpg\" alt=\"Personalizacja\" class=\"wp-image-3433\" srcset=\"https:\/\/woodrepublic.eu\/wp-content\/uploads\/2017\/11\/personalizacja-2.jpg 750w, https:\/\/woodrepublic.eu\/wp-content\/uploads\/2017\/11\/personalizacja-2-125x101.jpg 125w, https:\/\/woodrepublic.eu\/wp-content\/uploads\/2017\/11\/personalizacja-2-600x486.jpg 600w, https:\/\/woodrepublic.eu\/wp-content\/uploads\/2017\/11\/personalizacja-2-500x405.jpg 500w, https:\/\/woodrepublic.eu\/wp-content\/uploads\/2017\/11\/personalizacja-2-700x567.jpg 700w, https:\/\/woodrepublic.eu\/wp-content\/uploads\/2017\/11\/personalizacja-2-177x142.jpg 177w, https:\/\/woodrepublic.eu\/wp-content\/uploads\/2017\/11\/personalizacja-2-200x162.jpg 200w, https:\/\/woodrepublic.eu\/wp-content\/uploads\/2017\/11\/personalizacja-2-400x324.jpg 400w\" sizes=\"(max-width: 750px) 100vw, 750px\" \/><\/figure><\/div>\n\n\n\n<div class=\"wp-block-image\"><figure class=\"aligncenter\"><img decoding=\"async\" loading=\"lazy\" width=\"750\" height=\"680\" src=\"https:\/\/woodrepublic.pl\/wp\/wp-content\/uploads\/2017\/11\/personalizacja-1.jpg\" alt=\"Personalizacja\" class=\"wp-image-3435\" srcset=\"https:\/\/woodrepublic.eu\/wp-content\/uploads\/2017\/11\/personalizacja-1.jpg 750w, https:\/\/woodrepublic.eu\/wp-content\/uploads\/2017\/11\/personalizacja-1-125x113.jpg 125w, https:\/\/woodrepublic.eu\/wp-content\/uploads\/2017\/11\/personalizacja-1-600x544.jpg 600w, https:\/\/woodrepublic.eu\/wp-content\/uploads\/2017\/11\/personalizacja-1-500x453.jpg 500w, https:\/\/woodrepublic.eu\/wp-content\/uploads\/2017\/11\/personalizacja-1-700x635.jpg 700w, https:\/\/woodrepublic.eu\/wp-content\/uploads\/2017\/11\/personalizacja-1-200x181.jpg 200w, https:\/\/woodrepublic.eu\/wp-content\/uploads\/2017\/11\/personalizacja-1-400x363.jpg 400w\" sizes=\"(max-width: 750px) 100vw, 750px\" \/><\/figure><\/div>\n\n\n\n<figure class=\"wp-block-image\"><img decoding=\"async\" loading=\"lazy\" width=\"1200\" height=\"1111\" src=\"https:\/\/woodrepublic.pl\/wp\/wp-content\/uploads\/2017\/11\/personalizacja-4-1200x1111.jpg\" alt=\"Personalizacja\" class=\"wp-image-3437\" srcset=\"https:\/\/woodrepublic.eu\/wp-content\/uploads\/2017\/11\/personalizacja-4-1200x1111.jpg 1200w, https:\/\/woodrepublic.eu\/wp-content\/uploads\/2017\/11\/personalizacja-4-125x116.jpg 125w, https:\/\/woodrepublic.eu\/wp-content\/uploads\/2017\/11\/personalizacja-4-600x556.jpg 600w, https:\/\/woodrepublic.eu\/wp-content\/uploads\/2017\/11\/personalizacja-4-768x711.jpg 768w, https:\/\/woodrepublic.eu\/wp-content\/uploads\/2017\/11\/personalizacja-4-500x463.jpg 500w, https:\/\/woodrepublic.eu\/wp-content\/uploads\/2017\/11\/personalizacja-4-700x648.jpg 700w, https:\/\/woodrepublic.eu\/wp-content\/uploads\/2017\/11\/personalizacja-4-200x185.jpg 200w, https:\/\/woodrepublic.eu\/wp-content\/uploads\/2017\/11\/personalizacja-4-400x370.jpg 400w, https:\/\/woodrepublic.eu\/wp-content\/uploads\/2017\/11\/personalizacja-4-800x741.jpg 800w, https:\/\/woodrepublic.eu\/wp-content\/uploads\/2017\/11\/personalizacja-4.jpg 1296w\" sizes=\"(max-width: 1200px) 100vw, 1200px\" \/><\/figure>\n\n\n<p class=\"p1\"><strong><a id=\"odcienie-woskow\"><\/a>III. Wyko\u0144cz mebel<\/strong><br \/>Design to tak\u017ce ergonomia. Mebel b\u0119dzie cz\u0119\u015bci\u0105 Twojej przestrzeni, dlatego musi zharmonizowa\u0107 si\u0119 z otoczeniem, to naturalne.<\/p>\n<p class=\"p1\"><strong>Jak si\u0119 za to zabra\u0107?<\/strong><br \/>1. Wybierz jeden z <strong>odcieni wosk\u00f3w olejnych<\/strong>, jakimi impregnujemy drewno. Najcz\u0119\u015bciej u\u017cywamy wosku bezbarwnego, dzi\u0119ki czemu sklejka brzozowa pozostaje w swym naturalnym, jasnym kolorze, ale nie stronimy te\u017c od ciemniejszych odcieni.<\/p>\n<p>\u00a0<\/p>\n<p class=\"p1\">2. Dobierz samodzielnie lub z nasz\u0105 pomoc\u0105<strong> kolory front\u00f3w szuflad i szafek<\/strong> (zamkni\u0119tych modu\u0142\u00f3w). Je\u015bli podobaj\u0105 Ci si\u0119 kolory ju\u017c przez nas u\u017cyte, wystarczy wskaza\u0107 nam wybrany mebel. A je\u015bli Tw\u00f3j mebel musi dopasowa\u0107 si\u0119 kolorystycznie do innych element\u00f3w wn\u0119trza, jak \u015bciany, po prostu podaj nam numer z palety RAL lub NCS, wohow!<\/p>\n<p class=\"p1\">W Wood Republic tworzymy historie. <strong>Chcemy napisa\u0107 z Tob\u0105 opowie\u015b\u0107 o Twoim nowym meblu, spr\u00f3bujemy?<\/strong><\/p>\n\n\n<figure class=\"wp-block-image size-large\"><img decoding=\"async\" loading=\"lazy\" width=\"1200\" height=\"845\" src=\"https:\/\/woodrepublic.pl\/wp-content\/uploads\/2022\/02\/9-1200x845.jpg\" alt=\"\" class=\"wp-image-16268\" srcset=\"https:\/\/woodrepublic.eu\/wp-content\/uploads\/2022\/02\/9-1200x845.jpg 1200w, https:\/\/woodrepublic.eu\/wp-content\/uploads\/2022\/02\/9-600x423.jpg 600w, https:\/\/woodrepublic.eu\/wp-content\/uploads\/2022\/02\/9-125x88.jpg 125w, https:\/\/woodrepublic.eu\/wp-content\/uploads\/2022\/02\/9-768x541.jpg 768w, https:\/\/woodrepublic.eu\/wp-content\/uploads\/2022\/02\/9-1536x1082.jpg 1536w, https:\/\/woodrepublic.eu\/wp-content\/uploads\/2022\/02\/9-2048x1443.jpg 2048w, https:\/\/woodrepublic.eu\/wp-content\/uploads\/2022\/02\/9-500x352.jpg 500w, https:\/\/woodrepublic.eu\/wp-content\/uploads\/2022\/02\/9-700x493.jpg 700w\" sizes=\"(max-width: 1200px) 100vw, 1200px\" \/><figcaption>1. naturalny \/ 2. bielony \/ 3. d\u0105b \/ 4. z\u0142oty klon \/ 5. jatoba \/ 6. maho\u0144 \/ 7. d\u0105b antyczny \/ 8. hawana \/ 9. koniak \/ 10. palisander \/ 11. heban<\/figcaption><\/figure>\n\n\n\n<figure class=\"wp-block-image\"><img decoding=\"async\" loading=\"lazy\" width=\"1200\" height=\"1200\" src=\"https:\/\/woodrepublic.pl\/wp\/wp-content\/uploads\/2017\/11\/dfdazzle-2.png\" alt=\"Personalizacja SEAL\" class=\"wp-image-3444\" srcset=\"https:\/\/woodrepublic.eu\/wp-content\/uploads\/2017\/11\/dfdazzle-2.png 1200w, https:\/\/woodrepublic.eu\/wp-content\/uploads\/2017\/11\/dfdazzle-2-125x125.png 125w, https:\/\/woodrepublic.eu\/wp-content\/uploads\/2017\/11\/dfdazzle-2-600x600.png 600w, https:\/\/woodrepublic.eu\/wp-content\/uploads\/2017\/11\/dfdazzle-2-768x768.png 768w, https:\/\/woodrepublic.eu\/wp-content\/uploads\/2017\/11\/dfdazzle-2-500x500.png 500w, https:\/\/woodrepublic.eu\/wp-content\/uploads\/2017\/11\/dfdazzle-2-700x700.png 700w, https:\/\/woodrepublic.eu\/wp-content\/uploads\/2017\/11\/dfdazzle-2-100x100.png 100w, https:\/\/woodrepublic.eu\/wp-content\/uploads\/2017\/11\/dfdazzle-2-66x66.png 66w, https:\/\/woodrepublic.eu\/wp-content\/uploads\/2017\/11\/dfdazzle-2-200x200.png 200w, https:\/\/woodrepublic.eu\/wp-content\/uploads\/2017\/11\/dfdazzle-2-400x400.png 400w, https:\/\/woodrepublic.eu\/wp-content\/uploads\/2017\/11\/dfdazzle-2-800x800.png 800w\" sizes=\"(max-width: 1200px) 100vw, 1200px\" \/><\/figure>\n","protected":false},"excerpt":{"rendered":"<p>Pomy\u015bl o meblu jak o dobrze zaprogramowanym pod u\u017cytkownika systemie. Pomy\u015bl, \u017ce Tw\u00f3j przysz\u0142y mebel to wypadkowa naszej technologii i designu oraz Twoich praktycznych i estetycznych potrzeb. Kusz\u0105ce?<br \/>\nSpokojnie, jeste\u015b w Wood Republic i tutaj nie ma ogranicze\u0144, programuj z nami do woli.<br \/>\nDla nas gotowy projekt mebla nie jest ko\u0144cem jego historii, nie stawiamy tam kropki.<br \/>\nW Wood Republic tworzymy historie. Chcemy napisa\u0107 z Tob\u0105 opowie\u015b\u0107 o Twoim nowym meblu, spr\u00f3bujemy?<\/p>\n","protected":false},"author":1,"featured_media":4356,"comment_status":"open","ping_status":"open","sticky":false,"template":"","format":"standard","meta":{"inline_featured_image":false},"categories":[68],"tags":[],"acf":[],"yoast_head":"<!-- This site is optimized with the Yoast SEO plugin v20.10 - https:\/\/yoast.com\/wordpress\/plugins\/seo\/ -->\n<title>O personalizacji s\u0142\u00f3w kilka - Wood Republic<\/title>\n<meta name=\"robots\" content=\"index, follow, max-snippet:-1, max-image-preview:large, max-video-preview:-1\" \/>\n<link rel=\"canonical\" href=\"https:\/\/woodrepublic.eu\/pl\/o-personalizacji-slow-kilka\/\" \/>\n<meta property=\"og:locale\" content=\"pl_PL\" \/>\n<meta property=\"og:type\" content=\"article\" \/>\n<meta property=\"og:title\" content=\"O personalizacji s\u0142\u00f3w kilka - Wood Republic\" \/>\n<meta property=\"og:description\" content=\"Pomy\u015bl o meblu jak o dobrze zaprogramowanym pod u\u017cytkownika systemie. Pomy\u015bl, \u017ce Tw\u00f3j przysz\u0142y mebel to wypadkowa naszej technologii i designu oraz Twoich praktycznych i estetycznych potrzeb. Kusz\u0105ce? Spokojnie, jeste\u015b w Wood Republic i tutaj nie ma ogranicze\u0144, programuj z nami do woli. Dla nas gotowy projekt mebla nie jest ko\u0144cem jego historii, nie stawiamy tam kropki. W Wood Republic tworzymy historie. Chcemy napisa\u0107 z Tob\u0105 opowie\u015b\u0107 o Twoim nowym meblu, spr\u00f3bujemy?\" \/>\n<meta property=\"og:url\" content=\"https:\/\/woodrepublic.eu\/pl\/o-personalizacji-slow-kilka\/\" \/>\n<meta property=\"og:site_name\" content=\"Wood Republic\" \/>\n<meta property=\"article:published_time\" content=\"2018-08-23T08:55:14+00:00\" \/>\n<meta property=\"article:modified_time\" content=\"2022-02-11T13:05:22+00:00\" \/>\n<meta property=\"og:image\" content=\"https:\/\/woodrepublic.eu\/wp-content\/uploads\/2018\/08\/social-1-1200x1016.jpg\" \/>\n\t<meta property=\"og:image:width\" content=\"1200\" \/>\n\t<meta property=\"og:image:height\" content=\"1016\" \/>\n\t<meta property=\"og:image:type\" content=\"image\/jpeg\" \/>\n<meta name=\"author\" content=\"Joanna\" \/>\n<meta name=\"twitter:card\" content=\"summary_large_image\" \/>\n<meta name=\"twitter:label1\" content=\"Napisane przez\" \/>\n\t<meta name=\"twitter:data1\" content=\"Joanna\" \/>\n\t<meta name=\"twitter:label2\" content=\"Szacowany czas czytania\" \/>\n\t<meta name=\"twitter:data2\" content=\"4 minuty\" \/>\n<script type=\"application\/ld+json\" class=\"yoast-schema-graph\">{\"@context\":\"https:\/\/schema.org\",\"@graph\":[{\"@type\":\"Article\",\"@id\":\"https:\/\/woodrepublic.eu\/pl\/o-personalizacji-slow-kilka\/#article\",\"isPartOf\":{\"@id\":\"https:\/\/woodrepublic.eu\/pl\/o-personalizacji-slow-kilka\/\"},\"author\":{\"name\":\"Joanna\",\"@id\":\"https:\/\/woodrepublic.eu\/pl\/#\/schema\/person\/de00e8cfa14405fe1df280e91c8f9eee\"},\"headline\":\"O personalizacji s\u0142\u00f3w kilka\",\"datePublished\":\"2018-08-23T08:55:14+00:00\",\"dateModified\":\"2022-02-11T13:05:22+00:00\",\"mainEntityOfPage\":{\"@id\":\"https:\/\/woodrepublic.eu\/pl\/o-personalizacji-slow-kilka\/\"},\"wordCount\":751,\"commentCount\":0,\"publisher\":{\"@id\":\"https:\/\/woodrepublic.eu\/pl\/#organization\"},\"articleSection\":[\"Personalizacja\"],\"inLanguage\":\"pl-PL\",\"potentialAction\":[{\"@type\":\"CommentAction\",\"name\":\"Comment\",\"target\":[\"https:\/\/woodrepublic.eu\/pl\/o-personalizacji-slow-kilka\/#respond\"]}]},{\"@type\":\"WebPage\",\"@id\":\"https:\/\/woodrepublic.eu\/pl\/o-personalizacji-slow-kilka\/\",\"url\":\"https:\/\/woodrepublic.eu\/pl\/o-personalizacji-slow-kilka\/\",\"name\":\"O personalizacji s\u0142\u00f3w kilka - Wood Republic\",\"isPartOf\":{\"@id\":\"https:\/\/woodrepublic.eu\/pl\/#website\"},\"datePublished\":\"2018-08-23T08:55:14+00:00\",\"dateModified\":\"2022-02-11T13:05:22+00:00\",\"breadcrumb\":{\"@id\":\"https:\/\/woodrepublic.eu\/pl\/o-personalizacji-slow-kilka\/#breadcrumb\"},\"inLanguage\":\"pl-PL\",\"potentialAction\":[{\"@type\":\"ReadAction\",\"target\":[\"https:\/\/woodrepublic.eu\/pl\/o-personalizacji-slow-kilka\/\"]}]},{\"@type\":\"BreadcrumbList\",\"@id\":\"https:\/\/woodrepublic.eu\/pl\/o-personalizacji-slow-kilka\/#breadcrumb\",\"itemListElement\":[{\"@type\":\"ListItem\",\"position\":1,\"name\":\"Strona g\u0142\u00f3wna\",\"item\":\"https:\/\/woodrepublic.eu\/pl\/\"},{\"@type\":\"ListItem\",\"position\":2,\"name\":\"O personalizacji s\u0142\u00f3w kilka\"}]},{\"@type\":\"WebSite\",\"@id\":\"https:\/\/woodrepublic.eu\/pl\/#website\",\"url\":\"https:\/\/woodrepublic.eu\/pl\/\",\"name\":\"Wood Republic\",\"description\":\"R\u0119cznie tworzone, personalizowane meble ze sklejki.\",\"publisher\":{\"@id\":\"https:\/\/woodrepublic.eu\/pl\/#organization\"},\"potentialAction\":[{\"@type\":\"SearchAction\",\"target\":{\"@type\":\"EntryPoint\",\"urlTemplate\":\"https:\/\/woodrepublic.eu\/pl\/?s={search_term_string}\"},\"query-input\":\"required name=search_term_string\"}],\"inLanguage\":\"pl-PL\"},{\"@type\":\"Organization\",\"@id\":\"https:\/\/woodrepublic.eu\/pl\/#organization\",\"name\":\"Wood Republic\",\"url\":\"https:\/\/woodrepublic.eu\/pl\/\",\"logo\":{\"@type\":\"ImageObject\",\"inLanguage\":\"pl-PL\",\"@id\":\"https:\/\/woodrepublic.eu\/pl\/#\/schema\/logo\/image\/\",\"url\":\"https:\/\/woodrepublic.eu\/wp-content\/uploads\/2023\/03\/cropped-Logo_Mont_Horizontal@3x.png\",\"contentUrl\":\"https:\/\/woodrepublic.eu\/wp-content\/uploads\/2023\/03\/cropped-Logo_Mont_Horizontal@3x.png\",\"width\":1053,\"height\":348,\"caption\":\"Wood Republic\"},\"image\":{\"@id\":\"https:\/\/woodrepublic.eu\/pl\/#\/schema\/logo\/image\/\"}},{\"@type\":\"Person\",\"@id\":\"https:\/\/woodrepublic.eu\/pl\/#\/schema\/person\/de00e8cfa14405fe1df280e91c8f9eee\",\"name\":\"Joanna\",\"image\":{\"@type\":\"ImageObject\",\"inLanguage\":\"pl-PL\",\"@id\":\"https:\/\/woodrepublic.eu\/pl\/#\/schema\/person\/image\/\",\"url\":\"https:\/\/secure.gravatar.com\/avatar\/863a0be7e848efe8aa8d2dd7b3f4f961?s=96&d=mm&r=g\",\"contentUrl\":\"https:\/\/secure.gravatar.com\/avatar\/863a0be7e848efe8aa8d2dd7b3f4f961?s=96&d=mm&r=g\",\"caption\":\"Joanna\"},\"url\":\"https:\/\/woodrepublic.eu\/pl\/author\/wikitrade\/\"}]}<\/script>\n<!-- \/ Yoast SEO plugin. -->","yoast_head_json":{"title":"O personalizacji s\u0142\u00f3w kilka - Wood Republic","robots":{"index":"index","follow":"follow","max-snippet":"max-snippet:-1","max-image-preview":"max-image-preview:large","max-video-preview":"max-video-preview:-1"},"canonical":"https:\/\/woodrepublic.eu\/pl\/o-personalizacji-slow-kilka\/","og_locale":"pl_PL","og_type":"article","og_title":"O personalizacji s\u0142\u00f3w kilka - Wood Republic","og_description":"Pomy\u015bl o meblu jak o dobrze zaprogramowanym pod u\u017cytkownika systemie. Pomy\u015bl, \u017ce Tw\u00f3j przysz\u0142y mebel to wypadkowa naszej technologii i designu oraz Twoich praktycznych i estetycznych potrzeb. Kusz\u0105ce? Spokojnie, jeste\u015b w Wood Republic i tutaj nie ma ogranicze\u0144, programuj z nami do woli. Dla nas gotowy projekt mebla nie jest ko\u0144cem jego historii, nie stawiamy tam kropki. W Wood Republic tworzymy historie. Chcemy napisa\u0107 z Tob\u0105 opowie\u015b\u0107 o Twoim nowym meblu, spr\u00f3bujemy?","og_url":"https:\/\/woodrepublic.eu\/pl\/o-personalizacji-slow-kilka\/","og_site_name":"Wood Republic","article_published_time":"2018-08-23T08:55:14+00:00","article_modified_time":"2022-02-11T13:05:22+00:00","og_image":[{"width":1200,"height":1016,"url":"https:\/\/woodrepublic.eu\/wp-content\/uploads\/2018\/08\/social-1-1200x1016.jpg","type":"image\/jpeg"}],"author":"Joanna","twitter_card":"summary_large_image","twitter_misc":{"Napisane przez":"Joanna","Szacowany czas czytania":"4 minuty"},"schema":{"@context":"https:\/\/schema.org","@graph":[{"@type":"Article","@id":"https:\/\/woodrepublic.eu\/pl\/o-personalizacji-slow-kilka\/#article","isPartOf":{"@id":"https:\/\/woodrepublic.eu\/pl\/o-personalizacji-slow-kilka\/"},"author":{"name":"Joanna","@id":"https:\/\/woodrepublic.eu\/pl\/#\/schema\/person\/de00e8cfa14405fe1df280e91c8f9eee"},"headline":"O personalizacji s\u0142\u00f3w kilka","datePublished":"2018-08-23T08:55:14+00:00","dateModified":"2022-02-11T13:05:22+00:00","mainEntityOfPage":{"@id":"https:\/\/woodrepublic.eu\/pl\/o-personalizacji-slow-kilka\/"},"wordCount":751,"commentCount":0,"publisher":{"@id":"https:\/\/woodrepublic.eu\/pl\/#organization"},"articleSection":["Personalizacja"],"inLanguage":"pl-PL","potentialAction":[{"@type":"CommentAction","name":"Comment","target":["https:\/\/woodrepublic.eu\/pl\/o-personalizacji-slow-kilka\/#respond"]}]},{"@type":"WebPage","@id":"https:\/\/woodrepublic.eu\/pl\/o-personalizacji-slow-kilka\/","url":"https:\/\/woodrepublic.eu\/pl\/o-personalizacji-slow-kilka\/","name":"O personalizacji s\u0142\u00f3w kilka - Wood Republic","isPartOf":{"@id":"https:\/\/woodrepublic.eu\/pl\/#website"},"datePublished":"2018-08-23T08:55:14+00:00","dateModified":"2022-02-11T13:05:22+00:00","breadcrumb":{"@id":"https:\/\/woodrepublic.eu\/pl\/o-personalizacji-slow-kilka\/#breadcrumb"},"inLanguage":"pl-PL","potentialAction":[{"@type":"ReadAction","target":["https:\/\/woodrepublic.eu\/pl\/o-personalizacji-slow-kilka\/"]}]},{"@type":"BreadcrumbList","@id":"https:\/\/woodrepublic.eu\/pl\/o-personalizacji-slow-kilka\/#breadcrumb","itemListElement":[{"@type":"ListItem","position":1,"name":"Strona g\u0142\u00f3wna","item":"https:\/\/woodrepublic.eu\/pl\/"},{"@type":"ListItem","position":2,"name":"O personalizacji s\u0142\u00f3w kilka"}]},{"@type":"WebSite","@id":"https:\/\/woodrepublic.eu\/pl\/#website","url":"https:\/\/woodrepublic.eu\/pl\/","name":"Wood Republic","description":"R\u0119cznie tworzone, personalizowane meble ze sklejki.","publisher":{"@id":"https:\/\/woodrepublic.eu\/pl\/#organization"},"potentialAction":[{"@type":"SearchAction","target":{"@type":"EntryPoint","urlTemplate":"https:\/\/woodrepublic.eu\/pl\/?s={search_term_string}"},"query-input":"required name=search_term_string"}],"inLanguage":"pl-PL"},{"@type":"Organization","@id":"https:\/\/woodrepublic.eu\/pl\/#organization","name":"Wood Republic","url":"https:\/\/woodrepublic.eu\/pl\/","logo":{"@type":"ImageObject","inLanguage":"pl-PL","@id":"https:\/\/woodrepublic.eu\/pl\/#\/schema\/logo\/image\/","url":"https:\/\/woodrepublic.eu\/wp-content\/uploads\/2023\/03\/cropped-Logo_Mont_Horizontal@3x.png","contentUrl":"https:\/\/woodrepublic.eu\/wp-content\/uploads\/2023\/03\/cropped-Logo_Mont_Horizontal@3x.png","width":1053,"height":348,"caption":"Wood Republic"},"image":{"@id":"https:\/\/woodrepublic.eu\/pl\/#\/schema\/logo\/image\/"}},{"@type":"Person","@id":"https:\/\/woodrepublic.eu\/pl\/#\/schema\/person\/de00e8cfa14405fe1df280e91c8f9eee","name":"Joanna","image":{"@type":"ImageObject","inLanguage":"pl-PL","@id":"https:\/\/woodrepublic.eu\/pl\/#\/schema\/person\/image\/","url":"https:\/\/secure.gravatar.com\/avatar\/863a0be7e848efe8aa8d2dd7b3f4f961?s=96&d=mm&r=g","contentUrl":"https:\/\/secure.gravatar.com\/avatar\/863a0be7e848efe8aa8d2dd7b3f4f961?s=96&d=mm&r=g","caption":"Joanna"},"url":"https:\/\/woodrepublic.eu\/pl\/author\/wikitrade\/"}]}},"_links":{"self":[{"href":"https:\/\/woodrepublic.eu\/pl\/wp-json\/wp\/v2\/posts\/3205"}],"collection":[{"href":"https:\/\/woodrepublic.eu\/pl\/wp-json\/wp\/v2\/posts"}],"about":[{"href":"https:\/\/woodrepublic.eu\/pl\/wp-json\/wp\/v2\/types\/post"}],"author":[{"embeddable":true,"href":"https:\/\/woodrepublic.eu\/pl\/wp-json\/wp\/v2\/users\/1"}],"replies":[{"embeddable":true,"href":"https:\/\/woodrepublic.eu\/pl\/wp-json\/wp\/v2\/comments?post=3205"}],"version-history":[{"count":0,"href":"https:\/\/woodrepublic.eu\/pl\/wp-json\/wp\/v2\/posts\/3205\/revisions"}],"wp:featuredmedia":[{"embeddable":true,"href":"https:\/\/woodrepublic.eu\/pl\/wp-json\/wp\/v2\/media\/4356"}],"wp:attachment":[{"href":"https:\/\/woodrepublic.eu\/pl\/wp-json\/wp\/v2\/media?parent=3205"}],"wp:term":[{"taxonomy":"category","embeddable":true,"href":"https:\/\/woodrepublic.eu\/pl\/wp-json\/wp\/v2\/categories?post=3205"},{"taxonomy":"post_tag","embeddable":true,"href":"https:\/\/woodrepublic.eu\/pl\/wp-json\/wp\/v2\/tags?post=3205"}],"curies":[{"name":"wp","href":"https:\/\/api.w.org\/{rel}","templated":true}]}}